{"id":11292,"date":"2024-09-29T10:57:14","date_gmt":"2024-09-29T02:57:14","guid":{"rendered":"https:\/\/ruidapacking.com\/?p=11292"},"modified":"2026-03-19T18:06:49","modified_gmt":"2026-03-19T10:06:49","slug":"complete-guide-to-capsule-size","status":"publish","type":"post","link":"https:\/\/ruidapacking.com\/tr\/complete-guide-to-capsule-size\/","title":{"rendered":"Kaps\u00fcl Boyutuna \u0130li\u015fkin Tam K\u0131lavuz"},"content":{"rendered":"<div data-elementor-type=\"wp-post\" data-elementor-id=\"11292\" class=\"elementor elementor-11292\" data-elementor-post-type=\"post\">\n\t\t\t\t<div class=\"elementor-element elementor-element-cafd030 e-flex e-con-boxed e-con e-parent\" data-id=\"cafd030\" data-element_type=\"container\" data-e-type=\"container\">\n\t\t\t\t\t<div class=\"e-con-inner\">\n\t\t\t\t<div class=\"elementor-element elementor-element-50565cf elementor-widget elementor-widget-text-editor\" data-id=\"50565cf\" data-element_type=\"widget\" data-e-type=\"widget\" data-widget_type=\"text-editor.default\">\n\t\t\t\t<div class=\"elementor-widget-container\">\n\t\t\t\t\t\t\t\t\tKaps\u00fcl se\u00e7erken, \u00f6ncelikle g\u00f6z \u00f6n\u00fcnde bulundurman\u0131z gereken en \u00f6nemli fakt\u00f6r boyuttur. \u0130ster ila\u00e7lar ister takviyeler olsun, kaps\u00fcl boyutu yaln\u0131zca \u00fcretim verimlili\u011fini etkilemekle kalmaz, ayn\u0131 zamanda do\u011frudan t\u00fcketici deneyimini de etkiler. \u00dcr\u00fcn\u00fcn\u00fcz i\u00e7in do\u011fru boyutu se\u00e7mek, bolca zaman ve maliyet tasarrufu yapman\u0131za yard\u0131mc\u0131 olabilir. Bu makalede, \u00e7e\u015fitli kaps\u00fcl boyutlar\u0131 ve \u00f6zellikleri hakk\u0131nda derinlemesine bir a\u00e7\u0131klama sunarak, kaps\u00fcl boyutunun \u00fcr\u00fcn\u00fcn\u00fcz\u00fc nas\u0131l etkileyebilece\u011fini anlaman\u0131za yard\u0131mc\u0131 olacak ve \u00fcr\u00fcnlerinizin ihtiya\u00e7lar\u0131 i\u00e7in en uygun se\u00e7ene\u011fi bulman\u0131zda size rehberlik edece\u011fim.\n\n<img fetchpriority=\"high\" decoding=\"async\" class=\"wp-image-11293 size-full aligncenter\" src=\"https:\/\/ruidapacking.com\/wp-content\/uploads\/2024\/09\/Capsules-of-different-sizes.jpg\" alt=\"Capsules of different sizes\" width=\"960\" height=\"500\" srcset=\"https:\/\/ruidapacking.com\/wp-content\/uploads\/2024\/09\/Capsules-of-different-sizes.jpg 960w, https:\/\/ruidapacking.com\/wp-content\/uploads\/2024\/09\/Capsules-of-different-sizes-300x156.jpg 300w, https:\/\/ruidapacking.com\/wp-content\/uploads\/2024\/09\/Capsules-of-different-sizes-768x400.jpg 768w, https:\/\/ruidapacking.com\/wp-content\/uploads\/2024\/09\/Capsules-of-different-sizes-600x313.jpg 600w\" sizes=\"(max-width: 960px) 100vw, 960px\" \/>\n<h2><strong>En Yayg\u0131n Kaps\u00fcl Boyutlar\u0131 Nelerdir?<\/strong><\/h2>\nEn yayg\u0131n kaps\u00fcl boyutlar\u0131n\u0131 anlamak, \u00fcr\u00fcn\u00fcn\u00fcz\u00fcn pazar taleplerini kar\u015f\u0131lamas\u0131n\u0131 garantilemenin ilk ad\u0131m\u0131d\u0131r. \u0130la\u00e7 ve takviye end\u00fcstrilerinde, standart kaps\u00fcl boyutlar\u0131 genellikle say\u0131larla adland\u0131r\u0131l\u0131r ve boyutlar #000, 00, 0, 1, 2, 3, 4 ve 5 olarak etiketlenir. 000 boyutu en b\u00fcy\u00fc\u011f\u00fcd\u00fcr, 5 boyutu ise en k\u00fc\u00e7\u00fc\u011f\u00fcd\u00fcr. Bu boyutlar \u00e7o\u011fu uluslararas\u0131 taraf\u0131ndan yayg\u0131n olarak kullan\u0131l\u0131r <span style=\"color: #0000ff;\"><strong><a style=\"color: #0000ff;\" href=\"https:\/\/ruidapacking.com\/tr\/services\/\" target=\"_blank\" rel=\"noopener\">kaps\u00fcl dolum makinas\u0131 \u00fcreticileri<\/a><\/strong><\/span>, m\u00fckemmel uyumluluk sunar. A\u015fa\u011f\u0131da, \u00fcr\u00fcn\u00fcn\u00fcz\u00fcn \u00f6zel ihtiya\u00e7lar\u0131na g\u00f6re en uygun olan\u0131 se\u00e7menize yard\u0131mc\u0131 olacak 000 ila 5 aras\u0131ndaki kaps\u00fcl boyutlar\u0131n\u0131n kar\u015f\u0131la\u015ft\u0131rma tablosu bulunmaktad\u0131r.\n<table>\n<tbody>\n<tr>\n<td width=\"161\"><strong><b>Kaps\u00fcl Boyutu<\/b><\/strong><\/td>\n<td width=\"58\">000<\/td>\n<td>00<\/td>\n<td>0<\/td>\n<td>1<\/td>\n<td>2<\/td>\n<td>3<\/td>\n<td>4<\/td>\n<td>5<\/td>\n<\/tr>\n<tr>\n<td width=\"161\"><strong><b>Bo\u015f Kaps\u00fcl Hacmi<\/b><\/strong><strong><b>\u00a0(milimetre)<\/b><\/strong><\/td>\n<td width=\"58\">1.37<\/td>\n<td>0.95<\/td>\n<td>0.68<\/td>\n<td>0.5<\/td>\n<td>0.37<\/td>\n<td>0.3<\/td>\n<td>0.21<\/td>\n<td>0.13<\/td>\n<\/tr>\n<tr>\n<td width=\"161\"><strong><b>Bo\u015f Kaps\u00fcl A\u011f\u0131rl\u0131\u011f\u0131 (Jelatin)<\/b><\/strong><strong><b>\u00a0(mg)<\/b><\/strong><\/td>\n<td width=\"58\">158<\/td>\n<td>123<\/td>\n<td>97<\/td>\n<td>76<\/td>\n<td>63<\/td>\n<td>52<\/td>\n<td>42<\/td>\n<td>33<\/td>\n<\/tr>\n<tr>\n<td width=\"161\"><strong><b>Bo\u015f Kaps\u00fcl A\u011f\u0131rl\u0131\u011f\u0131<\/b><\/strong><strong><b>\u00a0(<\/b><\/strong><strong><b>Vejetaryen<\/b><\/strong><strong><b>) (mg)<\/b><\/strong><\/td>\n<td width=\"58\">163<\/td>\n<td>128<\/td>\n<td>102<\/td>\n<td>80<\/td>\n<td>65<\/td>\n<td>54<\/td>\n<td>44<\/td>\n<td>35<\/td>\n<\/tr>\n<tr>\n<td width=\"161\"><strong><b>Formula Densit&#039;e G\u00f6re A\u011f\u0131rl\u0131k Kapasitesi<\/b><\/strong>ve<strong><b>\u00a0(mg)<\/b><\/strong><strong><b>\u00a0<\/b><\/strong><\/td>\n<td width=\"58\">800 &#8211; 1600<\/td>\n<td>600 &#8211; 1200<\/td>\n<td>400 &#8211; 800<\/td>\n<td>300 &#8211; 600<\/td>\n<td>250 &#8211; 500<\/td>\n<td>200 &#8211; 400<\/td>\n<td>150 &#8211; 300<\/td>\n<td>100 &#8211; 200<\/td>\n<\/tr>\n<tr>\n<td width=\"161\"><strong><b>Toplam Kapal\u0131 Kaps\u00fcl Uzunlu\u011fu<\/b><\/strong><strong><b>\u00a0(mm)<\/b><\/strong><\/td>\n<td width=\"58\">26.14<\/td>\n<td>23.3<\/td>\n<td>21.7<\/td>\n<td>19.4<\/td>\n<td>18<\/td>\n<td>15.9<\/td>\n<td>14.3<\/td>\n<td>11.1<\/td>\n<\/tr>\n<tr>\n<td width=\"161\"><strong><b>Bireysel Kaps\u00fcl Uzunlu\u011fu (Kapak)<\/b><\/strong><strong><b>\u00a0(mm)<\/b><\/strong><\/td>\n<td width=\"58\">12.92<\/td>\n<td>11.8<\/td>\n<td>10.85<\/td>\n<td>9.98<\/td>\n<td>9<\/td>\n<td>8.12<\/td>\n<td>7.21<\/td>\n<td>6.6<\/td>\n<\/tr>\n<tr>\n<td width=\"161\"><strong><b>Bireysel Kaps\u00fcl Uzunlu\u011fu (G\u00f6vde)<\/b><\/strong><strong><b>\u00a0(mm)<\/b><\/strong><\/td>\n<td width=\"58\">23.3<\/td>\n<td>20.22<\/td>\n<td>18.75<\/td>\n<td>16.5<\/td>\n<td>15.4<\/td>\n<td>13.6<\/td>\n<td>12.2<\/td>\n<td>10.8<\/td>\n<\/tr>\n<\/tbody>\n<\/table>\n<strong>Tablo A\u00e7\u0131klamas\u0131<\/strong>\n\u2013 Bo\u015f Kaps\u00fcl Hacmi (ml): Bu, her kaps\u00fcl\u00fcn tutabilece\u011fi madde miktar\u0131n\u0131 belirleyen i\u00e7 kapasitesini ifade eder. \u2013 Bo\u015f Kaps\u00fcl A\u011f\u0131rl\u0131\u011f\u0131 (Jelatin\/Vejetaryen) (mg): Hem jelatin hem de vejetaryen se\u00e7enekleri bulunan bo\u015f bir kaps\u00fcl\u00fcn a\u011f\u0131rl\u0131\u011f\u0131. \u2013 Form\u00fcl Yo\u011funlu\u011funa G\u00f6re A\u011f\u0131rl\u0131k Kapasitesi (mg): Bu, d\u00fc\u015f\u00fck yo\u011funluklu tozlardan y\u00fcksek yo\u011funluklu gran\u00fcllere kadar de\u011fi\u015fen i\u00e7eriklerin yo\u011funlu\u011funa g\u00f6re tahmini dolum a\u011f\u0131rl\u0131\u011f\u0131 aral\u0131\u011f\u0131n\u0131 g\u00f6sterir. \u2013 Toplam Kapal\u0131 Kaps\u00fcl Uzunlu\u011fu: Tamamen kapal\u0131yken kaps\u00fcl\u00fcn genel uzunlu\u011fu. \u2013 Tek Tek Kaps\u00fcl Uzunlu\u011fu (Kapak\/G\u00f6vde): Kapa\u011f\u0131n ve kaps\u00fcl\u00fcn g\u00f6vde b\u00f6l\u00fcmlerinin uzunlu\u011fu.\t\t\t\t\t\t\t\t<\/div>\n\t\t\t\t<\/div>\n\t\t\t\t\t<\/div>\n\t\t\t\t<\/div>\n\t\t<div class=\"elementor-element elementor-element-343c63a e-flex e-con-boxed e-con e-parent\" data-id=\"343c63a\" data-element_type=\"container\" data-e-type=\"container\">\n\t\t\t\t\t<div class=\"e-con-inner\">\n\t\t\t\t<div class=\"elementor-element elementor-element-8731ff8 elementor-widget elementor-widget-text-editor\" data-id=\"8731ff8\" data-element_type=\"widget\" data-e-type=\"widget\" data-widget_type=\"text-editor.default\">\n\t\t\t\t<div class=\"elementor-widget-container\">\n\t\t\t\t\t\t\t\t\t<h2><strong>Do\u011fru Kaps\u00fcl Boyutunu Se\u00e7mek Neden \u00d6nemlidir?<\/strong><\/h2><p>Bir kaps\u00fcl\u00fcn boyutu yaln\u0131zca ilac\u0131n veya takviyenin kapasitesini belirlemekle kalmaz, ayn\u0131 zamanda bo\u015f kaps\u00fcllerin \u00fcretim verimlili\u011fini ve genel maliyetini de etkiler. Daha da \u00f6nemlisi, t\u00fcketicinin yutma deneyimini \u00f6nemli \u00f6l\u00e7\u00fcde etkileyebilir. 000 gibi daha b\u00fcy\u00fck kaps\u00fcller daha fazla i\u00e7erik bar\u0131nd\u0131rabilir, ancak \u00f6zellikle ya\u015fl\u0131lar, \u00e7ocuklar veya yutma g\u00fc\u00e7l\u00fc\u011f\u00fc \u00e7eken herkes olmak \u00fczere belirli t\u00fcketici gruplar\u0131 i\u00e7in zorlay\u0131c\u0131 olabilir. Bu ki\u015filer i\u00e7in 3 veya 4 gibi daha k\u00fc\u00e7\u00fck kaps\u00fcller genellikle \u00e7ok daha kabul edilebilirdir.<\/p><h2><strong>\u00dcr\u00fcn\u00fcn\u00fcz i\u00e7in Uygun Kaps\u00fcl Boyutunu Nas\u0131l Se\u00e7ersiniz?<\/strong><\/h2><p>Do\u011fru kaps\u00fcl boyutunu se\u00e7mek birka\u00e7 fakt\u00f6r\u00fc i\u00e7erir. \u00dcr\u00fcn\u00fcn\u00fcz\u00fcn form\u00fclasyonunu, dozaj\u0131n\u0131 ve hedef kitlesini de\u011ferlendirmekle ba\u015flar. \u00d6rne\u011fin, y\u00fcksek dozlu toz takviyelerle u\u011fra\u015f\u0131yorsan\u0131z, 00 veya 000 gibi daha b\u00fcy\u00fck kaps\u00fcllere ihtiyac\u0131n\u0131z olabilir. \u00d6te yandan, eser element takviyeleri gibi daha d\u00fc\u015f\u00fck dozlu form\u00fcller i\u00e7in 1 veya 2 numara daha uygun olabilir.<\/p><p>Kaps\u00fcllerin hangi ko\u015fullarda t\u00fcketilece\u011fini de g\u00f6z \u00f6n\u00fcnde bulundurmak \u00f6nemlidir. \u00d6rne\u011fin, \u00e7ocuklar ve ya\u015fl\u0131lar genellikle yutma kolayl\u0131\u011f\u0131 i\u00e7in daha k\u00fc\u00e7\u00fck kaps\u00fclleri tercih ederken, sa\u011fl\u0131kl\u0131 yeti\u015fkinler genellikle daha b\u00fcy\u00fck boyutlarda daha rahatt\u0131r.<\/p>\t\t\t\t\t\t\t\t<\/div>\n\t\t\t\t<\/div>\n\t\t\t\t<div class=\"elementor-element elementor-element-0246c3b elementor-widget elementor-widget-image\" data-id=\"0246c3b\" data-element_type=\"widget\" data-e-type=\"widget\" data-widget_type=\"image.default\">\n\t\t\t\t<div class=\"elementor-widget-container\">\n\t\t\t\t\t\t\t\t\t\t\t\t\t\t\t<img decoding=\"async\" width=\"800\" height=\"417\" src=\"https:\/\/ruidapacking.com\/wp-content\/uploads\/2024\/09\/Comparison-of-size-capsules-000-5.jpg\" class=\"attachment-large size-large wp-image-11294\" alt=\"Comparison of size capsules 000-5\" srcset=\"https:\/\/ruidapacking.com\/wp-content\/uploads\/2024\/09\/Comparison-of-size-capsules-000-5.jpg 960w, https:\/\/ruidapacking.com\/wp-content\/uploads\/2024\/09\/Comparison-of-size-capsules-000-5-300x156.jpg 300w, https:\/\/ruidapacking.com\/wp-content\/uploads\/2024\/09\/Comparison-of-size-capsules-000-5-768x400.jpg 768w, https:\/\/ruidapacking.com\/wp-content\/uploads\/2024\/09\/Comparison-of-size-capsules-000-5-600x313.jpg 600w\" sizes=\"(max-width: 800px) 100vw, 800px\" \/>\t\t\t\t\t\t\t\t\t\t\t\t\t\t\t<\/div>\n\t\t\t\t<\/div>\n\t\t\t\t\t<\/div>\n\t\t\t\t<\/div>\n\t\t<div class=\"elementor-element elementor-element-8a436fa e-flex e-con-boxed e-con e-parent\" data-id=\"8a436fa\" data-element_type=\"container\" data-e-type=\"container\">\n\t\t\t\t\t<div class=\"e-con-inner\">\n\t\t\t\t<div class=\"elementor-element elementor-element-ef12079 elementor-widget elementor-widget-text-editor\" data-id=\"ef12079\" data-element_type=\"widget\" data-e-type=\"widget\" data-widget_type=\"text-editor.default\">\n\t\t\t\t<div class=\"elementor-widget-container\">\n\t\t\t\t\t\t\t\t\t<h2><strong>Jelatin Kaps\u00fcller ve Vejetaryen Kaps\u00fcller Aras\u0131ndaki Farklar Nelerdir?<\/strong><\/h2><p>Kaps\u00fcl se\u00e7erken, malzeme boyut kadar \u00f6nemlidir. Piyasada iki yayg\u0131n kaps\u00fcl malzemesi t\u00fcr\u00fc vard\u0131r: jelatin kaps\u00fcller ve vejetaryen kaps\u00fcller. Bu malzemeler farkl\u0131l\u0131k g\u00f6sterir ve farkl\u0131 t\u00fcketici gruplar\u0131na hitap eder.<\/p><p><strong>Jelatin Kaps\u00fcller<\/strong><br \/>Jelatin kaps\u00fcller genellikle hayvan\u0131n derisinden, kemiklerinden ve tendonlar\u0131ndan elde edilen kolajenden yap\u0131l\u0131r ve m\u00fckemmel biyouyumlu, toksik olmayan, biyolojik olarak par\u00e7alanabilir ve d\u00fc\u015f\u00fck maliyetli \u00f6zelliklere sahiptir. Bu t\u00fcr kaps\u00fcller, \u00fcretim maliyetinin d\u00fc\u015f\u00fck olmas\u0131 ve b\u00fcy\u00fck \u00f6l\u00e7ekli \u00fcretime uygun olmas\u0131 nedeniyle ila\u00e7 end\u00fcstrisinde yayg\u0131n olarak kullan\u0131l\u0131r.<\/p><p><strong>Vejetaryen Kaps\u00fcller<\/strong><br \/>Vejetaryen kaps\u00fcller vejetaryenler ve hayvansal \u00fcr\u00fcnlere alerjisi olan ki\u015filer i\u00e7in harika bir se\u00e7enektir. Genellikle sel\u00fcloz t\u00fcrevlerinden yap\u0131l\u0131rlar ve bu da onlar\u0131 \u00f6zellikle Avrupa ve Kuzey Amerika gibi b\u00f6lgelerde daha geni\u015f bir t\u00fcketici ihtiya\u00e7lar\u0131 yelpazesine uygun hale getirir.<\/p><p>Farkl\u0131 kaps\u00fcl malzemelerinin de boyut \u00fczerinde etkisi vard\u0131r. Vejetaryen kaps\u00fcller biraz daha kal\u0131n olma e\u011filimindedir, bu nedenle se\u00e7iminizi yaparken kaps\u00fcl boyutunu buna g\u00f6re ayarlaman\u0131z gerekebilir.<\/p>\t\t\t\t\t\t\t\t<\/div>\n\t\t\t\t<\/div>\n\t\t\t\t\t<\/div>\n\t\t\t\t<\/div>\n\t\t<div class=\"elementor-element elementor-element-3bc156d e-flex e-con-boxed e-con e-parent\" data-id=\"3bc156d\" data-element_type=\"container\" data-e-type=\"container\">\n\t\t\t\t\t<div class=\"e-con-inner\">\n\t\t\t\t<div class=\"elementor-element elementor-element-101bee7 elementor-widget elementor-widget-text-editor\" data-id=\"101bee7\" data-element_type=\"widget\" data-e-type=\"widget\" data-widget_type=\"text-editor.default\">\n\t\t\t\t<div class=\"elementor-widget-container\">\n\t\t\t\t\t\t\t\t\t<h2><strong>Kaps\u00fcl Boyutu \u00dcretim S\u00fcrecinizi Nas\u0131l Etkiler?<\/strong><\/h2><p>B\u00fcy\u00fck \u00fcretim s\u00fcrecinde, kaps\u00fcllerin boyutu ekipman\u0131n uyumlulu\u011funu ve \u00fcretim verimlili\u011fini do\u011frudan etkiler. Farkl\u0131 kaps\u00fcl boyutlar\u0131 i\u00e7in, dolum ekipman\u0131n\u0131z sorunsuz bir \u00fcretim ak\u0131\u015f\u0131n\u0131 s\u00fcrd\u00fcrmek i\u00e7in h\u0131zl\u0131 ve do\u011fru bir \u015fekilde ayarlanabilmelidir.<\/p><h2><strong>Kaps\u00fcl Dolum Makineleri ile Nas\u0131l E\u015fle\u015ftirilir?<\/strong><\/h2><p>Bir\u00e7ok otomatik veya <span style=\"color: #0000ff;\"><strong><a style=\"color: #0000ff;\" href=\"https:\/\/ruidapacking.com\/tr\/product\/semi-automatic-capsule-filling-machine\/\" target=\"_blank\" rel=\"noopener\">yar\u0131 otomatik kaps\u00fcl dolum makineleri<\/a><\/strong><\/span> 000&#039;den 5&#039;e kadar \u00e7e\u015fitli kaps\u00fcl boyutlar\u0131yla uyumludur. Kaps\u00fcl dolum makinesinin kal\u0131plar\u0131n\u0131 kaps\u00fcllerin boyutuna g\u00f6re de\u011fi\u015ftirmeniz yeterlidir. Ancak, ekipman\u0131n k\u0131sa s\u00fcrede farkl\u0131 kaps\u00fcl boyutlar\u0131 aras\u0131nda ge\u00e7i\u015f yapabilecek kadar esnek oldu\u011fundan emin olmak \u00f6nemlidir. Bu, \u00f6zellikle \u00e7e\u015fitli \u00fcr\u00fcnler \u00fcreten \u015firketler i\u00e7in \u00f6nemlidir. H\u0131zl\u0131 ve kolay kal\u0131p de\u011fi\u015fikliklerine izin veren mod\u00fcler tasar\u0131ma sahip bir makine se\u00e7mek, \u00fcretim hatt\u0131ndaki verimlili\u011fi ve uyarlanabilirli\u011fi \u00f6nemli \u00f6l\u00e7\u00fcde art\u0131rabilir.<\/p><h2><strong>Kaps\u00fcl Boyutu ve Kullan\u0131c\u0131 Tercihleri: Bilmeniz Gerekenler Nelerdir?<\/strong><\/h2><p>Kaps\u00fcllerin boyutu yaln\u0131zca \u00fcretimi etkilemekle kalmaz, ayn\u0131 zamanda t\u00fcketicilerin sat\u0131n alma kararlar\u0131n\u0131 da do\u011frudan etkiler. Bu, kullan\u0131c\u0131lar\u0131n yutma deneyimine, g\u00f6r\u00fcn\u00fcm\u00fcne ve kaps\u00fcllerin boyutuna kar\u015f\u0131 \u00e7ok hassas oldu\u011fu sa\u011fl\u0131k takviyesi pazar\u0131nda \u00f6zellikle ge\u00e7erlidir.<\/p><p><strong>Belirli Gruplar\u0131n \u00d6zel \u0130htiya\u00e7lar\u0131<\/strong><br \/>\u00dcr\u00fcn\u00fcn\u00fcz \u00e7ocuklara, ya\u015fl\u0131lara veya yutma g\u00fc\u00e7l\u00fc\u011f\u00fc \u00e7eken ki\u015filere y\u00f6nelikse, daha k\u00fc\u00e7\u00fck kaps\u00fcl boyutlar\u0131 onlar i\u00e7in muhtemelen daha kabul edilebilir olacakt\u0131r. \u00d6te yandan, \u00fcr\u00fcn\u00fcn\u00fcz \u00f6ncelikli olarak sa\u011fl\u0131kl\u0131 yeti\u015fkinlere y\u00f6nelikse, daha b\u00fcy\u00fck kaps\u00fcller daha uygun olabilir, \u00e7\u00fcnk\u00fc daha fazla aktif bile\u015fen bar\u0131nd\u0131rabilir ve b\u00f6ylece g\u00fcnl\u00fck al\u0131nmas\u0131 gereken kaps\u00fcl say\u0131s\u0131n\u0131 azaltabilir.<\/p><p>Ayr\u0131ca, kaps\u00fcllerin g\u00f6r\u00fcn\u00fcm\u00fc de t\u00fcketici tercihlerini etkileyebilir. Daha b\u00fcy\u00fck, \u015feffaf kaps\u00fcller genellikle belirli pazarlarda daha pop\u00fclerdir \u00e7\u00fcnk\u00fc daha &quot;do\u011fal&quot; izlenimi verirler. Hedef pazar\u0131n\u0131z\u0131n ihtiya\u00e7lar\u0131na g\u00f6re en iyi se\u00e7imi yapmak \u00f6nemlidir.<\/p>\t\t\t\t\t\t\t\t<\/div>\n\t\t\t\t<\/div>\n\t\t\t\t<div class=\"elementor-element elementor-element-7ba75aa elementor-widget elementor-widget-image\" data-id=\"7ba75aa\" data-element_type=\"widget\" data-e-type=\"widget\" data-widget_type=\"image.default\">\n\t\t\t\t<div class=\"elementor-widget-container\">\n\t\t\t\t\t\t\t\t\t\t\t\t\t\t\t<img decoding=\"async\" width=\"800\" height=\"417\" src=\"https:\/\/ruidapacking.com\/wp-content\/uploads\/2024\/09\/Capsules-and-tablets-of-different-sizes.jpg\" class=\"attachment-large size-large wp-image-11295\" alt=\"Capsules and tablets of different sizes\" srcset=\"https:\/\/ruidapacking.com\/wp-content\/uploads\/2024\/09\/Capsules-and-tablets-of-different-sizes.jpg 960w, https:\/\/ruidapacking.com\/wp-content\/uploads\/2024\/09\/Capsules-and-tablets-of-different-sizes-300x156.jpg 300w, https:\/\/ruidapacking.com\/wp-content\/uploads\/2024\/09\/Capsules-and-tablets-of-different-sizes-768x400.jpg 768w, https:\/\/ruidapacking.com\/wp-content\/uploads\/2024\/09\/Capsules-and-tablets-of-different-sizes-600x313.jpg 600w\" sizes=\"(max-width: 800px) 100vw, 800px\" \/>\t\t\t\t\t\t\t\t\t\t\t\t\t\t\t<\/div>\n\t\t\t\t<\/div>\n\t\t\t\t\t<\/div>\n\t\t\t\t<\/div>\n\t\t<div class=\"elementor-element elementor-element-19138a5 e-flex e-con-boxed e-con e-parent\" data-id=\"19138a5\" data-element_type=\"container\" data-e-type=\"container\">\n\t\t\t\t\t<div class=\"e-con-inner\">\n\t\t\t\t<div class=\"elementor-element elementor-element-251f53b elementor-widget elementor-widget-text-editor\" data-id=\"251f53b\" data-element_type=\"widget\" data-e-type=\"widget\" data-widget_type=\"text-editor.default\">\n\t\t\t\t<div class=\"elementor-widget-container\">\n\t\t\t\t\t\t\t\t\t<h2><strong>Kaps\u00fcl Boyutu ve Maliyeti: Verimlilik ve Fiyat Aras\u0131ndaki Denge Nas\u0131l Sa\u011flan\u0131r?<\/strong><\/h2><p>Kaps\u00fcllerin boyutu \u00fcretim maliyetlerinizi etkiler. Daha b\u00fcy\u00fck kaps\u00fcller \u00fcretim ve paketleme s\u00fcrecinde daha fazla malzeme gerektirebilir ve bu da maliyetlerin artmas\u0131na neden olabilir. Ancak, her kaps\u00fcl i\u00e7in gereken dolum s\u00fcresini de azalt\u0131r ve b\u00f6ylece \u00fcretim verimlili\u011fini art\u0131r\u0131r.<\/p><p>\u00d6te yandan, daha k\u00fc\u00e7\u00fck kaps\u00fcller paketleme ve ta\u015f\u0131ma s\u0131ras\u0131nda yerden tasarruf etme e\u011filimindedir ve bu da potansiyel olarak daha d\u00fc\u015f\u00fck lojistik maliyetlerine yol a\u00e7ar. \u00dcretim s\u00fcreciniz birden fazla kaps\u00fcl boyutu kullanmay\u0131 i\u00e7eriyorsa, \u00fcretim i\u015f ak\u0131\u015f\u0131nda dikkatli planlama ve ayarlamalar verimlilik ve maliyet aras\u0131nda do\u011fru dengeyi bulman\u0131za yard\u0131mc\u0131 olabilir.<\/p><p><img loading=\"lazy\" decoding=\"async\" class=\"alignnone wp-image-11296 size-full\" src=\"https:\/\/ruidapacking.com\/wp-content\/uploads\/2024\/09\/Efficiency-and-cost-measurement.jpg\" alt=\"Efficiency and cost measurement\" width=\"960\" height=\"500\" srcset=\"https:\/\/ruidapacking.com\/wp-content\/uploads\/2024\/09\/Efficiency-and-cost-measurement.jpg 960w, https:\/\/ruidapacking.com\/wp-content\/uploads\/2024\/09\/Efficiency-and-cost-measurement-300x156.jpg 300w, https:\/\/ruidapacking.com\/wp-content\/uploads\/2024\/09\/Efficiency-and-cost-measurement-768x400.jpg 768w, https:\/\/ruidapacking.com\/wp-content\/uploads\/2024\/09\/Efficiency-and-cost-measurement-600x313.jpg 600w\" sizes=\"(max-width: 960px) 100vw, 960px\" \/><\/p><h2><strong>Kaps\u00fcl Boyutunun D\u00fczenlenmesi: Standartlar\u0131 Kar\u015f\u0131l\u0131yor Musunuz?<\/strong><\/h2><p>Kaps\u00fcl boyutu yaln\u0131zca \u00fcretim ve pazarlama stratejisi meselesi de\u011fil, ayn\u0131 zamanda d\u00fczenleyici uyumlulu\u011fu da i\u00e7erir. \u00d6zellikle birden fazla uluslararas\u0131 pazara sat\u0131\u015f yapt\u0131\u011f\u0131n\u0131z durumlarda, \u00fcr\u00fcnlerinizin ilgili \u00fclkelerin boyut standartlar\u0131n\u0131 kar\u015f\u0131lad\u0131\u011f\u0131ndan emin olman\u0131z gerekir. \u00d6rne\u011fin, Amerika Birle\u015fik Devletleri&#039;nde FDA&#039;n\u0131n kaps\u00fcl \u00fcr\u00fcnleri i\u00e7in kat\u0131 gereklilikleri vard\u0131r ve benzer \u015fekilde Avrupa Birli\u011fi&#039;nin kendi kurallar\u0131 ve d\u00fczenlemeleri vard\u0131r.<\/p><h3><strong>Uyumlulu\u011fun Sa\u011flanmas\u0131 Nas\u0131l Sa\u011flan\u0131r?<\/strong><\/h3><p>\u00dcretimden \u00f6nce, hedef pazar\u0131n\u0131z\u0131n d\u00fczenleyici gerekliliklerini anlamak ve hem kaps\u00fcl boyutunun hem de ambalaj\u0131n yerel standartlara uygun oldu\u011fundan emin olmak \u00f6nemlidir. Bu \u015fekilde, boyut farkl\u0131l\u0131klar\u0131 nedeniyle sat\u0131\u015f s\u0131ras\u0131nda kalite denetimlerinin ba\u015far\u0131s\u0131zl\u0131\u011f\u0131 veya yasal engeller gibi sorunlardan ka\u00e7\u0131nabilirsiniz.<\/p><h2><strong>S\u0131k\u00e7a Sorulan Sorular: Kaps\u00fcl Boyutlar\u0131 Hakk\u0131nda Genel Sorular<\/strong><\/h2><p><strong>\u2013 \u00dcr\u00fcn\u00fcm i\u00e7in hangi kaps\u00fcl boyutunu se\u00e7meliyim?<\/strong><br \/>\u00dcr\u00fcn\u00fcn dozaj\u0131na, form\u00fclasyonuna ve hedef t\u00fcketicilere ba\u011fl\u0131d\u0131r. Y\u00fcksek dozlu \u00fcr\u00fcnler genellikle daha b\u00fcy\u00fck kaps\u00fcller gerektirirken, d\u00fc\u015f\u00fck dozlu \u00fcr\u00fcnler daha k\u00fc\u00e7\u00fck kaps\u00fcller i\u00e7in daha uygundur.<\/p><p><strong>\u2013 Kaps\u00fcl boyutunu de\u011fi\u015ftirirken ekipman\u0131 de\u011fi\u015ftirmem gerekir mi?<\/strong><br \/>Genellikle, \u00e7o\u011fu ekipman gibi <span style=\"color: #0000ff;\"><strong><a style=\"color: #0000ff;\" href=\"https:\/\/ruidapacking.com\/tr\/product\/njp-1500d-automatic-capsule-filling-machi\/\" target=\"_blank\" rel=\"noopener\">otomatik kaps\u00fcl dolum makinas\u0131<\/a><\/strong><\/span> farkl\u0131 kaps\u00fcl boyutlar\u0131na uyum sa\u011flayabilir, ancak kal\u0131plar\u0131 ayarlaman\u0131z veya de\u011fi\u015ftirmeniz gerekebilir.<\/p><p><strong>\u2013 Daha b\u00fcy\u00fck kaps\u00fcllerin \u00fcretimi daha m\u0131 pahal\u0131d\u0131r?<\/strong><br \/>Daha b\u00fcy\u00fck kaps\u00fcller malzeme maliyetini art\u0131r\u0131r, ancak baz\u0131 durumlarda g\u00fcnl\u00fck dozaj\u0131 azaltarak di\u011fer baz\u0131 maliyetlerden tasarruf edebilirsiniz.<\/p><p><strong>\u2013 S\u0131v\u0131 kaps\u00fcller i\u00e7in en iyi boyut hangisidir?<\/strong><br \/>S\u0131v\u0131 kaps\u00fcller genellikle yeterli s\u0131v\u0131y\u0131 tutabilmek i\u00e7in 0 veya 00 gibi daha b\u00fcy\u00fck boyutlar kullan\u0131rlar.<\/p><p>Do\u011fru kaps\u00fcl boyutunu se\u00e7mek, \u00fcr\u00fcn\u00fcn\u00fcz\u00fcn ba\u015far\u0131s\u0131 i\u00e7in \u00e7ok \u00f6nemlidir. \u0130ster \u00fcretim verimlili\u011fini art\u0131rmak, ister t\u00fcketici memnuniyetini sa\u011flamak olsun, kaps\u00fcl\u00fcn boyutu g\u00f6z ard\u0131 edilemeyecek bir fakt\u00f6rd\u00fcr. Bu k\u0131lavuzun, \u00fcr\u00fcn\u00fcn\u00fcz\u00fcn pazarda \u00f6ne \u00e7\u0131kmas\u0131n\u0131 sa\u011flamak i\u00e7in en uygun kaps\u00fcl boyutunu bulman\u0131za yard\u0131mc\u0131 olmas\u0131n\u0131 umuyoruz.<\/p>\t\t\t\t\t\t\t\t<\/div>\n\t\t\t\t<\/div>\n\t\t\t\t\t<\/div>\n\t\t\t\t<\/div>\n\t\t\t\t<\/div>","protected":false},"excerpt":{"rendered":"<p>Standart kaps\u00fcl boyutlar\u0131 genellikle say\u0131larla adland\u0131r\u0131l\u0131r ve boyutlar #000, 00, 0, 1, 2, 3, 4 ve 5 olarak etiketlenir. 000 boyutu en b\u00fcy\u00fc\u011f\u00fc iken 5 boyutu en k\u00fc\u00e7\u00fc\u011f\u00fcd\u00fcr. Bu boyutlar \u00e7o\u011fu uluslararas\u0131 kaps\u00fcl dolum makinesi \u00fcreticisi taraf\u0131ndan yayg\u0131n olarak kullan\u0131l\u0131r ve m\u00fckemmel uyumluluk sunar. <\/p>","protected":false},"author":4,"featured_media":11293,"comment_status":"closed","ping_status":"closed","sticky":false,"template":"","format":"standard","meta":{"_sitemap_exclude":false,"_sitemap_priority":"","_sitemap_frequency":"","footnotes":""},"categories":[35],"tags":[],"class_list":["post-11292","post","type-post","status-publish","format-standard","has-post-thumbnail","hentry","category-blog"],"acf":[],"_links":{"self":[{"href":"https:\/\/ruidapacking.com\/tr\/wp-json\/wp\/v2\/posts\/11292","targetHints":{"allow":["GET"]}}],"collection":[{"href":"https:\/\/ruidapacking.com\/tr\/wp-json\/wp\/v2\/posts"}],"about":[{"href":"https:\/\/ruidapacking.com\/tr\/wp-json\/wp\/v2\/types\/post"}],"author":[{"embeddable":true,"href":"https:\/\/ruidapacking.com\/tr\/wp-json\/wp\/v2\/users\/4"}],"replies":[{"embeddable":true,"href":"https:\/\/ruidapacking.com\/tr\/wp-json\/wp\/v2\/comments?post=11292"}],"version-history":[{"count":0,"href":"https:\/\/ruidapacking.com\/tr\/wp-json\/wp\/v2\/posts\/11292\/revisions"}],"wp:featuredmedia":[{"embeddable":true,"href":"https:\/\/ruidapacking.com\/tr\/wp-json\/wp\/v2\/media\/11293"}],"wp:attachment":[{"href":"https:\/\/ruidapacking.com\/tr\/wp-json\/wp\/v2\/media?parent=11292"}],"wp:term":[{"taxonomy":"category","embeddable":true,"href":"https:\/\/ruidapacking.com\/tr\/wp-json\/wp\/v2\/categories?post=11292"},{"taxonomy":"post_tag","embeddable":true,"href":"https:\/\/ruidapacking.com\/tr\/wp-json\/wp\/v2\/tags?post=11292"}],"curies":[{"name":"wp","href":"https:\/\/api.w.org\/{rel}","templated":true}]}}